{"id":137,"date":"2015-04-03T20:14:33","date_gmt":"2015-04-03T20:14:33","guid":{"rendered":"http:\/\/parkinson-blog.de\/?p=137"},"modified":"2015-04-16T17:36:31","modified_gmt":"2015-04-16T17:36:31","slug":"interessante-veranstaltung-von-www-jung-und-parkinson-de","status":"publish","type":"post","link":"http:\/\/parkinson-blog.de\/?p=137","title":{"rendered":"Interessante Veranstaltung von www.jung-und-parkinson.de"},"content":{"rendered":"<p>Ich m\u00f6chte Euch auf ein interessantes\u00a0Video von www.jungundparkinson.de aufmerksam machen:<\/p>\n<p>Am 23.3.2015 wurde im Landhaus St.Urban von Sterne Koch Harald R\u00fcssel in Naurath\/ Wald der JuP Talk aufgezeichnet.<br \/>\nDer Grundgedanke war, Erkrankte, Angeh\u00f6rige, Mediziner mit hoher Kompetenz, Fachleute aus Politik, Krankenkassen und der Pharmaindustrie in legerer, ungezwungener Umgebung in eine Runde zu bekommen.<\/p>\n<p>Die Teilnehmer im einzelnen:<br \/>\nFrau Prof. Dr. Daniela Berg, Pr\u00e4sidentin der Deutschen Parkinson Gesellschaft<br \/>\nHerr Prof. Dr. Rejko Kr\u00fcger, Universit\u00e4t Luxembourg\/ Bio Medical<br \/>\nHerr Prof. Dr. Dirk Woitalla, Chefarzt neurologische Abteilung St. Josef Krankenhaus Essen Kupferdreh<br \/>\nHerr Dr. Dr. Rahim Schmidt, Landtag Rheinland Pfalz<br \/>\nHerr Dr. Lutz Hager, IKK S\u00fcdwest Gesch\u00e4ftsf\u00fchrer<br \/>\nHerr Alexander W\u00fcrfel, Gesch\u00e4ftsf\u00fchrer Abbvie<br \/>\nHerr Rainer St\u00fcber, Erkrankter und erster Vorsitzender Jung und Parkinson e.V.<br \/>\nFrau Sabrina St\u00fcber, Angeh\u00f6rige<br \/>\nHerr J\u00fcrgen Kotterer, Erkrankter und Schatzmeister Jung und Parkinson e.V.<br \/>\nModeration Manuel Andrack.<\/p>\n<p>Das Video k\u00f6nnt ihr auf der untenstehenden Webseite ansehen.<\/p>\n<p>www.jungundparkinson.de<\/p>\n","protected":false},"excerpt":{"rendered":"<p>Ich m\u00f6chte Euch auf ein interessantes\u00a0Video von www.jungundparkinson.de aufmerksam machen: Am 23.3.2015 wurde im Landhaus St.Urban von Sterne Koch Harald R\u00fcssel in Naurath\/ Wald der JuP Talk aufgezeichnet. Der Grundgedanke war, Erkrankte, Angeh\u00f6rige, Mediziner mit hoher Kompetenz, Fachleute aus Politik, Krankenkassen und der Pharmaindustrie in legerer, ungezwungener Umgebung in eine Runde zu bekommen. Die Teilnehmer &hellip; <a href=\"http:\/\/parkinson-blog.de\/?p=137\" class=\"more-link\"><span class=\"screen-reader-text\">Interessante Veranstaltung von www.jung-und-parkinson.de<\/span> weiterlesen <span class=\"meta-nav\">&rarr;<\/span><\/a><\/p>\n","protected":false},"author":1,"featured_media":0,"comment_status":"closed","ping_status":"closed","sticky":false,"template":"","format":"standard","meta":{"footnotes":""},"categories":[1],"tags":[],"_links":{"self":[{"href":"http:\/\/parkinson-blog.de\/index.php?rest_route=\/wp\/v2\/posts\/137"}],"collection":[{"href":"http:\/\/parkinson-blog.de\/index.php?rest_route=\/wp\/v2\/posts"}],"about":[{"href":"http:\/\/parkinson-blog.de\/index.php?rest_route=\/wp\/v2\/types\/post"}],"author":[{"embeddable":true,"href":"http:\/\/parkinson-blog.de\/index.php?rest_route=\/wp\/v2\/users\/1"}],"replies":[{"embeddable":true,"href":"http:\/\/parkinson-blog.de\/index.php?rest_route=%2Fwp%2Fv2%2Fcomments&post=137"}],"version-history":[{"count":3,"href":"http:\/\/parkinson-blog.de\/index.php?rest_route=\/wp\/v2\/posts\/137\/revisions"}],"predecessor-version":[{"id":143,"href":"http:\/\/parkinson-blog.de\/index.php?rest_route=\/wp\/v2\/posts\/137\/revisions\/143"}],"wp:attachment":[{"href":"http:\/\/parkinson-blog.de\/index.php?rest_route=%2Fwp%2Fv2%2Fmedia&parent=137"}],"wp:term":[{"taxonomy":"category","embeddable":true,"href":"http:\/\/parkinson-blog.de\/index.php?rest_route=%2Fwp%2Fv2%2Fcategories&post=137"},{"taxonomy":"post_tag","embeddable":true,"href":"http:\/\/parkinson-blog.de\/index.php?rest_route=%2Fwp%2Fv2%2Ftags&post=137"}],"curies":[{"name":"wp","href":"https:\/\/api.w.org\/{rel}","templated":true}]}}