{"id":146,"date":"2015-04-17T16:39:52","date_gmt":"2015-04-17T16:39:52","guid":{"rendered":"http:\/\/parkinson-blog.de\/?p=146"},"modified":"2015-04-17T20:22:28","modified_gmt":"2015-04-17T20:22:28","slug":"parkinson-durch-gestoerten-eisenhaushalt","status":"publish","type":"post","link":"http:\/\/parkinson-blog.de\/?p=146","title":{"rendered":"Parkinson durch gest\u00f6rten Eisenhaushalt?"},"content":{"rendered":"<p><span style=\"color: #000000; font-family: Calibri;\">Wir alle \u00fcberlegen uns, w\u00e4hrend die Krankheit ihren Lauf nimmt, woher kommt die Krankheit, warum ich und was kann ich dagegen tun? Warum habe ich so viele zus\u00e4tzliche Beschwerden? Eine m\u00f6gliche Antwort k\u00f6nnte jetzt die Forschung zum Eisenhaushalt geben. Dazu habe ich einen spannenden Bericht gefunden:<\/span><\/p>\n<p><span style=\"color: #000000; font-family: Calibri;\">http:\/\/www.pm.ruhr-uni-bochum.de\/pm2009\/msg00254.htm<\/span><\/p>\n<p><span style=\"color: #000000; font-family: Calibri;\">Die Forscher haben in Gehirnbereichen das Eiwei\u00df Ferritin gefunden, in denen es an sich nichts zu suchen hat. Schon das macht hellh\u00f6rig. Wenn man aber wei\u00df, dass Ferritin die Aufgabe hat, Eisen zu speichern, dann wird es kritisch. Durch Ferritin kommen also Fe+ Ionen ins Hirn und je nach F\u00fcllstand der Ferritin-Eiweise im Gehirn gelangt auch reines Fe+ ins Hirn und zerst\u00f6rt dort mit Vorliebe Zellen der Substantia Nigra, die sich zwar mit einem Neuromelatonin genannten Farbstoff, der dann die betroffenen Areale einf\u00e4rbt, sch\u00fctzt. Eine Schutzfunktion des K\u00f6rpers, sozusagen die letzte Rettung, die das Gehirn hat. Leider ist dieser Schutz nur in begrenztem Ma\u00dfe m\u00f6glich.<\/span><\/p>\n<p><span style=\"color: #000000; font-family: Calibri;\">Diese Vorg\u00e4nge sind auch im K\u00f6rper au\u00dferhalb des Gehirns bekannt. Wer zu viele und zu volle Ferritin-Speicher hat (vorzugsweise M\u00e4nner, aber auch Frauen nach dem Klimakterium), erkrankt. Diese Krankheit hei\u00dft H\u00e4mochromatose und ist hochgef\u00e4hrlich, denn sie wirkt zerst\u00f6rerisch auf viele Organe: Herz, Bauchspeicheldr\u00fcse, Leber usw. Unbehandelt ist sie immer t\u00f6dlich. Auch bei der H\u00e4mochromatose f\u00e4rben sich Zellen durch Melatonin, vor allem ist die Haut betroffen.\u00a0Zu viel freies Eisen ist also der Killer und es ist extrem wichtig, den Ferritin-Wert wieder in den Normwert zu bekommen und zu halten. Dummerweise wird der Ferritin-Wert oft nicht mal bei einem gro\u00dfen Blutbild festgestellt, man muss es explizit sagen.<\/span><\/p>\n<p><span style=\"color: #000000; font-family: Calibri;\">Wer nun den Wunsch hegt, seinen Ferritin-Wert zu senken, f\u00fcr den gibt es eine gute Nachricht, denn die Behandlung ist einfach und nebenwirkungsfrei: Aderlass, bzw. Blutspenden! In akuten F\u00e4llen wird in kurzen Abst\u00e4nden Blut entnommen, bei leichten F\u00e4llen, reicht Blutspenden im Quartalsrhytmus. Mit Blutspenden kann man was Gutes f\u00fcr sich und andere tun. Ein interessantes Thema, ich bleib drann.<\/span><\/p>\n<p>&nbsp;<\/p>\n","protected":false},"excerpt":{"rendered":"<p>Wir alle \u00fcberlegen uns, w\u00e4hrend die Krankheit ihren Lauf nimmt, woher kommt die Krankheit, warum ich und was kann ich dagegen tun? Warum habe ich so viele zus\u00e4tzliche Beschwerden? Eine m\u00f6gliche Antwort k\u00f6nnte jetzt die Forschung zum Eisenhaushalt geben. Dazu habe ich einen spannenden Bericht gefunden: http:\/\/www.pm.ruhr-uni-bochum.de\/pm2009\/msg00254.htm Die Forscher haben in Gehirnbereichen das Eiwei\u00df Ferritin &hellip; <a href=\"http:\/\/parkinson-blog.de\/?p=146\" class=\"more-link\"><span class=\"screen-reader-text\">Parkinson durch gest\u00f6rten Eisenhaushalt?<\/span> weiterlesen <span class=\"meta-nav\">&rarr;<\/span><\/a><\/p>\n","protected":false},"author":1,"featured_media":0,"comment_status":"closed","ping_status":"closed","sticky":false,"template":"","format":"standard","meta":{"footnotes":""},"categories":[1],"tags":[],"_links":{"self":[{"href":"http:\/\/parkinson-blog.de\/index.php?rest_route=\/wp\/v2\/posts\/146"}],"collection":[{"href":"http:\/\/parkinson-blog.de\/index.php?rest_route=\/wp\/v2\/posts"}],"about":[{"href":"http:\/\/parkinson-blog.de\/index.php?rest_route=\/wp\/v2\/types\/post"}],"author":[{"embeddable":true,"href":"http:\/\/parkinson-blog.de\/index.php?rest_route=\/wp\/v2\/users\/1"}],"replies":[{"embeddable":true,"href":"http:\/\/parkinson-blog.de\/index.php?rest_route=%2Fwp%2Fv2%2Fcomments&post=146"}],"version-history":[{"count":4,"href":"http:\/\/parkinson-blog.de\/index.php?rest_route=\/wp\/v2\/posts\/146\/revisions"}],"predecessor-version":[{"id":150,"href":"http:\/\/parkinson-blog.de\/index.php?rest_route=\/wp\/v2\/posts\/146\/revisions\/150"}],"wp:attachment":[{"href":"http:\/\/parkinson-blog.de\/index.php?rest_route=%2Fwp%2Fv2%2Fmedia&parent=146"}],"wp:term":[{"taxonomy":"category","embeddable":true,"href":"http:\/\/parkinson-blog.de\/index.php?rest_route=%2Fwp%2Fv2%2Fcategories&post=146"},{"taxonomy":"post_tag","embeddable":true,"href":"http:\/\/parkinson-blog.de\/index.php?rest_route=%2Fwp%2Fv2%2Ftags&post=146"}],"curies":[{"name":"wp","href":"https:\/\/api.w.org\/{rel}","templated":true}]}}