{"id":151,"date":"2015-04-23T11:35:32","date_gmt":"2015-04-23T11:35:32","guid":{"rendered":"http:\/\/parkinson-blog.de\/?p=151"},"modified":"2015-04-23T11:35:32","modified_gmt":"2015-04-23T11:35:32","slug":"neben-und-wechselwirkungen-der-parkinsonmedikamente-link","status":"publish","type":"post","link":"http:\/\/parkinson-blog.de\/?p=151","title":{"rendered":"Neben- und Wechselwirkungen der Parkinsonmedikamente (Link)"},"content":{"rendered":"<p>Ich m\u00f6chte Euch auf eine sehr gut gemachte Zusammenstellung der Neben- und Wechselwirkungen von Parkinson-Medikamenten vom 3. Hiltruper Parkinson-Tag am 18.Mail 2011 aufmerksam machen. Wer das ber\u00fccksichtigt, wird m\u00f6glicherweise die eine oder andere &#8222;Problemkombination&#8220; in seinen Medikamenten entdecken. Dann hei\u00dft es ab zum Neurologen und besprechen. Auf keinen Fall selbst was absetzen, das k\u00f6nnte fatale Wirkungen haben. Immer erst den Arzt fragen.<\/p>\n<p>Hier der Link:<\/p>\n<p>http:\/\/www.schmerzexperten.ch\/doc\/parkinson-medikamenten-benwirkungen.pdf<\/p>\n<p>&nbsp;<\/p>\n","protected":false},"excerpt":{"rendered":"<p>Ich m\u00f6chte Euch auf eine sehr gut gemachte Zusammenstellung der Neben- und Wechselwirkungen von Parkinson-Medikamenten vom 3. Hiltruper Parkinson-Tag am 18.Mail 2011 aufmerksam machen. Wer das ber\u00fccksichtigt, wird m\u00f6glicherweise die eine oder andere &#8222;Problemkombination&#8220; in seinen Medikamenten entdecken. Dann hei\u00dft es ab zum Neurologen und besprechen. Auf keinen Fall selbst was absetzen, das k\u00f6nnte fatale &hellip; <a href=\"http:\/\/parkinson-blog.de\/?p=151\" class=\"more-link\"><span class=\"screen-reader-text\">Neben- und Wechselwirkungen der Parkinsonmedikamente (Link)<\/span> weiterlesen <span class=\"meta-nav\">&rarr;<\/span><\/a><\/p>\n","protected":false},"author":1,"featured_media":0,"comment_status":"closed","ping_status":"closed","sticky":false,"template":"","format":"standard","meta":{"footnotes":""},"categories":[1],"tags":[],"_links":{"self":[{"href":"http:\/\/parkinson-blog.de\/index.php?rest_route=\/wp\/v2\/posts\/151"}],"collection":[{"href":"http:\/\/parkinson-blog.de\/index.php?rest_route=\/wp\/v2\/posts"}],"about":[{"href":"http:\/\/parkinson-blog.de\/index.php?rest_route=\/wp\/v2\/types\/post"}],"author":[{"embeddable":true,"href":"http:\/\/parkinson-blog.de\/index.php?rest_route=\/wp\/v2\/users\/1"}],"replies":[{"embeddable":true,"href":"http:\/\/parkinson-blog.de\/index.php?rest_route=%2Fwp%2Fv2%2Fcomments&post=151"}],"version-history":[{"count":1,"href":"http:\/\/parkinson-blog.de\/index.php?rest_route=\/wp\/v2\/posts\/151\/revisions"}],"predecessor-version":[{"id":152,"href":"http:\/\/parkinson-blog.de\/index.php?rest_route=\/wp\/v2\/posts\/151\/revisions\/152"}],"wp:attachment":[{"href":"http:\/\/parkinson-blog.de\/index.php?rest_route=%2Fwp%2Fv2%2Fmedia&parent=151"}],"wp:term":[{"taxonomy":"category","embeddable":true,"href":"http:\/\/parkinson-blog.de\/index.php?rest_route=%2Fwp%2Fv2%2Fcategories&post=151"},{"taxonomy":"post_tag","embeddable":true,"href":"http:\/\/parkinson-blog.de\/index.php?rest_route=%2Fwp%2Fv2%2Ftags&post=151"}],"curies":[{"name":"wp","href":"https:\/\/api.w.org\/{rel}","templated":true}]}}