{"id":59,"date":"2013-12-12T16:33:52","date_gmt":"2013-12-12T16:33:52","guid":{"rendered":"http:\/\/parkinson-blog.de\/?p=59"},"modified":"2013-12-12T16:34:01","modified_gmt":"2013-12-12T16:34:01","slug":"parkinson-test-habe-ich-parkinson","status":"publish","type":"post","link":"http:\/\/parkinson-blog.de\/?p=59","title":{"rendered":"Parkinson-Test: Habe ich Parkinson?"},"content":{"rendered":"<p>Parkinson ist eine heimt\u00fcckische Krankheit, die meistens schon sehr lange vor der eigentlichen Diagnose beginnt. Leider gehen viele Menschen erst dann zum Arzt, wenn sie schon ganz klare Ausfallerscheinungen durch den Parkinson haben. Oder sie werden wegen k\u00f6rperlicher oder psychologischer Beschwerden behandelt, was meistens eine Verz\u00f6gerung der Diagnose zur Folge hat. Es ist aber, wie bei fast allen Krankheiten, wichtig, die Diagnose dann abzusichern, wenn die Ausf\u00e4lle noch nicht so schlimm sind, denn die R\u00fcckbildung und das Aufhalten von Parkinson ist umso wirkungsvoller, je weniger im Hirn bereits besch\u00e4digt ist.<\/p>\n<p>Dieser Test soll also der Fr\u00fcherkennung von Parkinson dienen. Wenn Sie bei den folgenden Fragen\u00a0 mehr als eine mit &#8222;Ja&#8220; beantworten k\u00f6nnen, sollten Sie sich bei einem Neurologen testen lassen.<\/p>\n<p>1.)\u00a0\u00a0\u00a0 Ist Ihr Geruchssinn in letzter Zeit schlechter geworden?<\/p>\n<p>2.)\u00a0\u00a0\u00a0 Haben Sie schlechte Kopfhaut (Jucken bis hin zum Exzem)?<\/p>\n<p>3.)\u00a0\u00a0\u00a0 Brennen Ihre F\u00fc\u00dfe gelegentlich?<\/p>\n<p>4.)\u00a0\u00a0\u00a0 F\u00fchlen Sie sich morgens oft steif und kommen schlecht aus dem Bett?<\/p>\n<p>5.)\u00a0\u00a0\u00a0 Zittert eine Ihrer H\u00e4nde und Beine in Ruheposition?<\/p>\n<p>6.)\u00a0\u00a0\u00a0 Schwingt ein Arm beim Gehen nicht mehr richtig mit?<\/p>\n<p>7.)\u00a0\u00a0\u00a0 Ist ein Bein schw\u00e4cher?<\/p>\n<p>8.)\u00a0\u00a0\u00a0 Wird Ihre Schrift kleiner?<\/p>\n<p>9.)\u00a0\u00a0\u00a0 Wenn Sie die Arme nach oben und unten bewegen, geht das auf einer Seite ruckartig?<\/p>\n<p>10.) \u00a0Wenn Sie Daumen und Finger schnell gegeneinander bewegen, ist eine Seite schlechter?<\/p>\n<p>11.) \u00a0Leiden Sie unter Depressionen oder\/und \u00c4ngsten.<\/p>\n<p>12.) Erm\u00fcden Sie schnell und bekommen schnell Muskelkater?<\/p>\n","protected":false},"excerpt":{"rendered":"<p>Parkinson ist eine heimt\u00fcckische Krankheit, die meistens schon sehr lange vor der eigentlichen Diagnose beginnt. Leider gehen viele Menschen erst dann zum Arzt, wenn sie schon ganz klare Ausfallerscheinungen durch den Parkinson haben. Oder sie werden wegen k\u00f6rperlicher oder psychologischer Beschwerden behandelt, was meistens eine Verz\u00f6gerung der Diagnose zur Folge hat. Es ist aber, wie &hellip; <a href=\"http:\/\/parkinson-blog.de\/?p=59\" class=\"more-link\"><span class=\"screen-reader-text\">Parkinson-Test: Habe ich Parkinson?<\/span> weiterlesen <span class=\"meta-nav\">&rarr;<\/span><\/a><\/p>\n","protected":false},"author":1,"featured_media":0,"comment_status":"open","ping_status":"open","sticky":false,"template":"","format":"standard","meta":{"footnotes":""},"categories":[2],"tags":[],"_links":{"self":[{"href":"http:\/\/parkinson-blog.de\/index.php?rest_route=\/wp\/v2\/posts\/59"}],"collection":[{"href":"http:\/\/parkinson-blog.de\/index.php?rest_route=\/wp\/v2\/posts"}],"about":[{"href":"http:\/\/parkinson-blog.de\/index.php?rest_route=\/wp\/v2\/types\/post"}],"author":[{"embeddable":true,"href":"http:\/\/parkinson-blog.de\/index.php?rest_route=\/wp\/v2\/users\/1"}],"replies":[{"embeddable":true,"href":"http:\/\/parkinson-blog.de\/index.php?rest_route=%2Fwp%2Fv2%2Fcomments&post=59"}],"version-history":[{"count":2,"href":"http:\/\/parkinson-blog.de\/index.php?rest_route=\/wp\/v2\/posts\/59\/revisions"}],"predecessor-version":[{"id":61,"href":"http:\/\/parkinson-blog.de\/index.php?rest_route=\/wp\/v2\/posts\/59\/revisions\/61"}],"wp:attachment":[{"href":"http:\/\/parkinson-blog.de\/index.php?rest_route=%2Fwp%2Fv2%2Fmedia&parent=59"}],"wp:term":[{"taxonomy":"category","embeddable":true,"href":"http:\/\/parkinson-blog.de\/index.php?rest_route=%2Fwp%2Fv2%2Fcategories&post=59"},{"taxonomy":"post_tag","embeddable":true,"href":"http:\/\/parkinson-blog.de\/index.php?rest_route=%2Fwp%2Fv2%2Ftags&post=59"}],"curies":[{"name":"wp","href":"https:\/\/api.w.org\/{rel}","templated":true}]}}